{"id":80463,"date":"2025-12-01T08:33:09","date_gmt":"2025-12-01T07:33:09","guid":{"rendered":"https:\/\/www.vinzenzmeier.ch\/sneak-peak-fs26-der-fruehling-beginnt-jetzt\/"},"modified":"2026-04-27T17:09:50","modified_gmt":"2026-04-27T15:09:50","slug":"sneak-peek-printemps-ete-2026","status":"publish","type":"post","link":"https:\/\/www.vinzenzmeier.ch\/fr\/sneak-peek-printemps-ete-2026\/","title":{"rendered":"Sneak Peek printemps-\u00e9t\u00e9 2026"},"content":{"rendered":"<p>Le printemps\u00a02026 s\u2019annonce diff\u00e9rent. Plus l\u00e9ger, plus lumineux, plus s\u00fbr de lui. Les couleurs ne s\u2019opposent plus, elles engagent le dialogue. Les tons pastel, autrefois consid\u00e9r\u00e9s comme trop doux et discrets, reviennent en force et insufflent de la fra\u00eecheur \u00e0 la d\u00e9co.<\/p>\n","protected":false},"excerpt":{"rendered":"<p>Le printemps\u00a02026 s\u2019annonce diff\u00e9rent. Plus l\u00e9ger, plus lumineux, plus s\u00fbr de lui. Les couleurs ne s\u2019opposent plus, elles engagent le dialogue. Les tons pastel, autrefois consid\u00e9r\u00e9s comme trop doux et discrets, reviennent en force et insufflent de la fra\u00eecheur \u00e0 la d\u00e9co.<\/p>\n","protected":false},"author":8,"featured_media":80456,"comment_status":"closed","ping_status":"closed","sticky":false,"template":"","format":"standard","meta":{"_acf_changed":false,"footnotes":""},"categories":[77,2],"tags":[],"class_list":["post-80463","post","type-post","status-publish","format-standard","has-post-thumbnail","hentry","category-blog","category-inspiration-fr"],"acf":[],"yoast_head":"<!-- This site is optimized with the Yoast SEO plugin v27.3 - https:\/\/yoast.com\/product\/yoast-seo-wordpress\/ -->\n<title>Sneak peek printemps-\u00e9t\u00e9 2026<\/title>\n<meta name=\"description\" content=\"Le printemps 26 s\u2019annonce diff\u00e9rent. Plus l\u00e9ger, plus lumineux, plus s\u00fbr de lui. Les couleurs ne s\u2019opposent plus, elles engagent le dialogue.\" \/>\n<meta name=\"robots\" content=\"index, follow, max-snippet:-1, max-image-preview:large, max-video-preview:-1\" \/>\n<link rel=\"canonical\" href=\"https:\/\/www.vinzenzmeier.ch\/fr\/sneak-peek-printemps-ete-2026\/\" \/>\n<meta property=\"og:locale\" content=\"fr_FR\" \/>\n<meta property=\"og:type\" content=\"article\" \/>\n<meta property=\"og:title\" content=\"Sneak peek printemps-\u00e9t\u00e9 2026\" \/>\n<meta property=\"og:description\" content=\"Le printemps 26 s\u2019annonce diff\u00e9rent. Plus l\u00e9ger, plus lumineux, plus s\u00fbr de lui. Les couleurs ne s\u2019opposent plus, elles engagent le dialogue.\" \/>\n<meta property=\"og:url\" content=\"https:\/\/www.vinzenzmeier.ch\/fr\/sneak-peek-printemps-ete-2026\/\" \/>\n<meta property=\"og:site_name\" content=\"Vinzenz Meier\" \/>\n<meta property=\"article:published_time\" content=\"2025-12-01T07:33:09+00:00\" \/>\n<meta property=\"article:modified_time\" content=\"2026-04-27T15:09:50+00:00\" \/>\n<meta property=\"og:image\" content=\"https:\/\/www.vinzenzmeier.ch\/wp-content\/uploads\/2025\/12\/Titelbild-Blog-Kollektionen-FS26.jpg\" \/>\n\t<meta property=\"og:image:width\" content=\"1200\" \/>\n\t<meta property=\"og:image:height\" content=\"600\" \/>\n\t<meta property=\"og:image:type\" content=\"image\/jpeg\" \/>\n<meta name=\"author\" content=\"Murielle K\u00e4gi\" \/>\n<meta name=\"twitter:card\" content=\"summary_large_image\" \/>\n<meta name=\"twitter:label1\" content=\"\u00c9crit par\" \/>\n\t<meta name=\"twitter:data1\" content=\"Murielle K\u00e4gi\" \/>\n\t<meta name=\"twitter:label2\" content=\"Dur\u00e9e de lecture estim\u00e9e\" \/>\n\t<meta name=\"twitter:data2\" content=\"1 minute\" \/>\n<script type=\"application\/ld+json\" class=\"yoast-schema-graph\">{\"@context\":\"https:\\\/\\\/schema.org\",\"@graph\":[{\"@type\":\"Article\",\"@id\":\"https:\\\/\\\/www.vinzenzmeier.ch\\\/fr\\\/sneak-peek-printemps-ete-2026\\\/#article\",\"isPartOf\":{\"@id\":\"https:\\\/\\\/www.vinzenzmeier.ch\\\/fr\\\/sneak-peek-printemps-ete-2026\\\/\"},\"author\":{\"name\":\"Murielle K\u00e4gi\",\"@id\":\"https:\\\/\\\/www.vinzenzmeier.ch\\\/#\\\/schema\\\/person\\\/332138674cdd673292da03ccbb5ea4b7\"},\"headline\":\"Sneak Peek printemps-\u00e9t\u00e9 2026\",\"datePublished\":\"2025-12-01T07:33:09+00:00\",\"dateModified\":\"2026-04-27T15:09:50+00:00\",\"mainEntityOfPage\":{\"@id\":\"https:\\\/\\\/www.vinzenzmeier.ch\\\/fr\\\/sneak-peek-printemps-ete-2026\\\/\"},\"wordCount\":54,\"publisher\":{\"@id\":\"https:\\\/\\\/www.vinzenzmeier.ch\\\/#organization\"},\"image\":{\"@id\":\"https:\\\/\\\/www.vinzenzmeier.ch\\\/fr\\\/sneak-peek-printemps-ete-2026\\\/#primaryimage\"},\"thumbnailUrl\":\"https:\\\/\\\/www.vinzenzmeier.ch\\\/wp-content\\\/uploads\\\/2025\\\/12\\\/Titelbild-Blog-Kollektionen-FS26.jpg\",\"articleSection\":[\"Blog\",\"Inspirations\"],\"inLanguage\":\"fr-FR\"},{\"@type\":\"WebPage\",\"@id\":\"https:\\\/\\\/www.vinzenzmeier.ch\\\/fr\\\/sneak-peek-printemps-ete-2026\\\/\",\"url\":\"https:\\\/\\\/www.vinzenzmeier.ch\\\/fr\\\/sneak-peek-printemps-ete-2026\\\/\",\"name\":\"Sneak peek printemps-\u00e9t\u00e9 2026\",\"isPartOf\":{\"@id\":\"https:\\\/\\\/www.vinzenzmeier.ch\\\/#website\"},\"primaryImageOfPage\":{\"@id\":\"https:\\\/\\\/www.vinzenzmeier.ch\\\/fr\\\/sneak-peek-printemps-ete-2026\\\/#primaryimage\"},\"image\":{\"@id\":\"https:\\\/\\\/www.vinzenzmeier.ch\\\/fr\\\/sneak-peek-printemps-ete-2026\\\/#primaryimage\"},\"thumbnailUrl\":\"https:\\\/\\\/www.vinzenzmeier.ch\\\/wp-content\\\/uploads\\\/2025\\\/12\\\/Titelbild-Blog-Kollektionen-FS26.jpg\",\"datePublished\":\"2025-12-01T07:33:09+00:00\",\"dateModified\":\"2026-04-27T15:09:50+00:00\",\"description\":\"Le printemps 26 s\u2019annonce diff\u00e9rent. Plus l\u00e9ger, plus lumineux, plus s\u00fbr de lui. Les couleurs ne s\u2019opposent plus, elles engagent le dialogue.\",\"breadcrumb\":{\"@id\":\"https:\\\/\\\/www.vinzenzmeier.ch\\\/fr\\\/sneak-peek-printemps-ete-2026\\\/#breadcrumb\"},\"inLanguage\":\"fr-FR\",\"potentialAction\":[{\"@type\":\"ReadAction\",\"target\":[\"https:\\\/\\\/www.vinzenzmeier.ch\\\/fr\\\/sneak-peek-printemps-ete-2026\\\/\"]}]},{\"@type\":\"ImageObject\",\"inLanguage\":\"fr-FR\",\"@id\":\"https:\\\/\\\/www.vinzenzmeier.ch\\\/fr\\\/sneak-peek-printemps-ete-2026\\\/#primaryimage\",\"url\":\"https:\\\/\\\/www.vinzenzmeier.ch\\\/wp-content\\\/uploads\\\/2025\\\/12\\\/Titelbild-Blog-Kollektionen-FS26.jpg\",\"contentUrl\":\"https:\\\/\\\/www.vinzenzmeier.ch\\\/wp-content\\\/uploads\\\/2025\\\/12\\\/Titelbild-Blog-Kollektionen-FS26.jpg\",\"width\":1200,\"height\":600},{\"@type\":\"BreadcrumbList\",\"@id\":\"https:\\\/\\\/www.vinzenzmeier.ch\\\/fr\\\/sneak-peek-printemps-ete-2026\\\/#breadcrumb\",\"itemListElement\":[{\"@type\":\"ListItem\",\"position\":1,\"name\":\"Startseite\",\"item\":\"https:\\\/\\\/www.vinzenzmeier.ch\\\/fr\\\/\"},{\"@type\":\"ListItem\",\"position\":2,\"name\":\"Sneak Peek printemps-\u00e9t\u00e9 2026\"}]},{\"@type\":\"WebSite\",\"@id\":\"https:\\\/\\\/www.vinzenzmeier.ch\\\/#website\",\"url\":\"https:\\\/\\\/www.vinzenzmeier.ch\\\/\",\"name\":\"Vinzenz Meier\",\"description\":\"\",\"publisher\":{\"@id\":\"https:\\\/\\\/www.vinzenzmeier.ch\\\/#organization\"},\"potentialAction\":[{\"@type\":\"SearchAction\",\"target\":{\"@type\":\"EntryPoint\",\"urlTemplate\":\"https:\\\/\\\/www.vinzenzmeier.ch\\\/?s={search_term_string}\"},\"query-input\":{\"@type\":\"PropertyValueSpecification\",\"valueRequired\":true,\"valueName\":\"search_term_string\"}}],\"inLanguage\":\"fr-FR\"},{\"@type\":\"Organization\",\"@id\":\"https:\\\/\\\/www.vinzenzmeier.ch\\\/#organization\",\"name\":\"Vinzenz Meier\",\"url\":\"https:\\\/\\\/www.vinzenzmeier.ch\\\/\",\"logo\":{\"@type\":\"ImageObject\",\"inLanguage\":\"fr-FR\",\"@id\":\"https:\\\/\\\/www.vinzenzmeier.ch\\\/#\\\/schema\\\/logo\\\/image\\\/\",\"url\":\"https:\\\/\\\/www.vinzenzmeier.ch\\\/wp-content\\\/uploads\\\/2021\\\/06\\\/vinzenz_meier_logo.jpg\",\"contentUrl\":\"https:\\\/\\\/www.vinzenzmeier.ch\\\/wp-content\\\/uploads\\\/2021\\\/06\\\/vinzenz_meier_logo.jpg\",\"width\":150,\"height\":150,\"caption\":\"Vinzenz Meier\"},\"image\":{\"@id\":\"https:\\\/\\\/www.vinzenzmeier.ch\\\/#\\\/schema\\\/logo\\\/image\\\/\"}},{\"@type\":\"Person\",\"@id\":\"https:\\\/\\\/www.vinzenzmeier.ch\\\/#\\\/schema\\\/person\\\/332138674cdd673292da03ccbb5ea4b7\",\"name\":\"Murielle K\u00e4gi\",\"url\":\"https:\\\/\\\/www.vinzenzmeier.ch\\\/fr\\\/author\\\/murielle\\\/\"}]}<\/script>\n<!-- \/ Yoast SEO plugin. -->","yoast_head_json":{"title":"Sneak peek printemps-\u00e9t\u00e9 2026","description":"Le printemps 26 s\u2019annonce diff\u00e9rent. Plus l\u00e9ger, plus lumineux, plus s\u00fbr de lui. Les couleurs ne s\u2019opposent plus, elles engagent le dialogue.","robots":{"index":"index","follow":"follow","max-snippet":"max-snippet:-1","max-image-preview":"max-image-preview:large","max-video-preview":"max-video-preview:-1"},"canonical":"https:\/\/www.vinzenzmeier.ch\/fr\/sneak-peek-printemps-ete-2026\/","og_locale":"fr_FR","og_type":"article","og_title":"Sneak peek printemps-\u00e9t\u00e9 2026","og_description":"Le printemps 26 s\u2019annonce diff\u00e9rent. Plus l\u00e9ger, plus lumineux, plus s\u00fbr de lui. Les couleurs ne s\u2019opposent plus, elles engagent le dialogue.","og_url":"https:\/\/www.vinzenzmeier.ch\/fr\/sneak-peek-printemps-ete-2026\/","og_site_name":"Vinzenz Meier","article_published_time":"2025-12-01T07:33:09+00:00","article_modified_time":"2026-04-27T15:09:50+00:00","og_image":[{"width":1200,"height":600,"url":"https:\/\/www.vinzenzmeier.ch\/wp-content\/uploads\/2025\/12\/Titelbild-Blog-Kollektionen-FS26.jpg","type":"image\/jpeg"}],"author":"Murielle K\u00e4gi","twitter_card":"summary_large_image","twitter_misc":{"\u00c9crit par":"Murielle K\u00e4gi","Dur\u00e9e de lecture estim\u00e9e":"1 minute"},"schema":{"@context":"https:\/\/schema.org","@graph":[{"@type":"Article","@id":"https:\/\/www.vinzenzmeier.ch\/fr\/sneak-peek-printemps-ete-2026\/#article","isPartOf":{"@id":"https:\/\/www.vinzenzmeier.ch\/fr\/sneak-peek-printemps-ete-2026\/"},"author":{"name":"Murielle K\u00e4gi","@id":"https:\/\/www.vinzenzmeier.ch\/#\/schema\/person\/332138674cdd673292da03ccbb5ea4b7"},"headline":"Sneak Peek printemps-\u00e9t\u00e9 2026","datePublished":"2025-12-01T07:33:09+00:00","dateModified":"2026-04-27T15:09:50+00:00","mainEntityOfPage":{"@id":"https:\/\/www.vinzenzmeier.ch\/fr\/sneak-peek-printemps-ete-2026\/"},"wordCount":54,"publisher":{"@id":"https:\/\/www.vinzenzmeier.ch\/#organization"},"image":{"@id":"https:\/\/www.vinzenzmeier.ch\/fr\/sneak-peek-printemps-ete-2026\/#primaryimage"},"thumbnailUrl":"https:\/\/www.vinzenzmeier.ch\/wp-content\/uploads\/2025\/12\/Titelbild-Blog-Kollektionen-FS26.jpg","articleSection":["Blog","Inspirations"],"inLanguage":"fr-FR"},{"@type":"WebPage","@id":"https:\/\/www.vinzenzmeier.ch\/fr\/sneak-peek-printemps-ete-2026\/","url":"https:\/\/www.vinzenzmeier.ch\/fr\/sneak-peek-printemps-ete-2026\/","name":"Sneak peek printemps-\u00e9t\u00e9 2026","isPartOf":{"@id":"https:\/\/www.vinzenzmeier.ch\/#website"},"primaryImageOfPage":{"@id":"https:\/\/www.vinzenzmeier.ch\/fr\/sneak-peek-printemps-ete-2026\/#primaryimage"},"image":{"@id":"https:\/\/www.vinzenzmeier.ch\/fr\/sneak-peek-printemps-ete-2026\/#primaryimage"},"thumbnailUrl":"https:\/\/www.vinzenzmeier.ch\/wp-content\/uploads\/2025\/12\/Titelbild-Blog-Kollektionen-FS26.jpg","datePublished":"2025-12-01T07:33:09+00:00","dateModified":"2026-04-27T15:09:50+00:00","description":"Le printemps 26 s\u2019annonce diff\u00e9rent. Plus l\u00e9ger, plus lumineux, plus s\u00fbr de lui. Les couleurs ne s\u2019opposent plus, elles engagent le dialogue.","breadcrumb":{"@id":"https:\/\/www.vinzenzmeier.ch\/fr\/sneak-peek-printemps-ete-2026\/#breadcrumb"},"inLanguage":"fr-FR","potentialAction":[{"@type":"ReadAction","target":["https:\/\/www.vinzenzmeier.ch\/fr\/sneak-peek-printemps-ete-2026\/"]}]},{"@type":"ImageObject","inLanguage":"fr-FR","@id":"https:\/\/www.vinzenzmeier.ch\/fr\/sneak-peek-printemps-ete-2026\/#primaryimage","url":"https:\/\/www.vinzenzmeier.ch\/wp-content\/uploads\/2025\/12\/Titelbild-Blog-Kollektionen-FS26.jpg","contentUrl":"https:\/\/www.vinzenzmeier.ch\/wp-content\/uploads\/2025\/12\/Titelbild-Blog-Kollektionen-FS26.jpg","width":1200,"height":600},{"@type":"BreadcrumbList","@id":"https:\/\/www.vinzenzmeier.ch\/fr\/sneak-peek-printemps-ete-2026\/#breadcrumb","itemListElement":[{"@type":"ListItem","position":1,"name":"Startseite","item":"https:\/\/www.vinzenzmeier.ch\/fr\/"},{"@type":"ListItem","position":2,"name":"Sneak Peek printemps-\u00e9t\u00e9 2026"}]},{"@type":"WebSite","@id":"https:\/\/www.vinzenzmeier.ch\/#website","url":"https:\/\/www.vinzenzmeier.ch\/","name":"Vinzenz Meier","description":"","publisher":{"@id":"https:\/\/www.vinzenzmeier.ch\/#organization"},"potentialAction":[{"@type":"SearchAction","target":{"@type":"EntryPoint","urlTemplate":"https:\/\/www.vinzenzmeier.ch\/?s={search_term_string}"},"query-input":{"@type":"PropertyValueSpecification","valueRequired":true,"valueName":"search_term_string"}}],"inLanguage":"fr-FR"},{"@type":"Organization","@id":"https:\/\/www.vinzenzmeier.ch\/#organization","name":"Vinzenz Meier","url":"https:\/\/www.vinzenzmeier.ch\/","logo":{"@type":"ImageObject","inLanguage":"fr-FR","@id":"https:\/\/www.vinzenzmeier.ch\/#\/schema\/logo\/image\/","url":"https:\/\/www.vinzenzmeier.ch\/wp-content\/uploads\/2021\/06\/vinzenz_meier_logo.jpg","contentUrl":"https:\/\/www.vinzenzmeier.ch\/wp-content\/uploads\/2021\/06\/vinzenz_meier_logo.jpg","width":150,"height":150,"caption":"Vinzenz Meier"},"image":{"@id":"https:\/\/www.vinzenzmeier.ch\/#\/schema\/logo\/image\/"}},{"@type":"Person","@id":"https:\/\/www.vinzenzmeier.ch\/#\/schema\/person\/332138674cdd673292da03ccbb5ea4b7","name":"Murielle K\u00e4gi","url":"https:\/\/www.vinzenzmeier.ch\/fr\/author\/murielle\/"}]}},"_links":{"self":[{"href":"https:\/\/www.vinzenzmeier.ch\/fr\/wp-json\/wp\/v2\/posts\/80463","targetHints":{"allow":["GET"]}}],"collection":[{"href":"https:\/\/www.vinzenzmeier.ch\/fr\/wp-json\/wp\/v2\/posts"}],"about":[{"href":"https:\/\/www.vinzenzmeier.ch\/fr\/wp-json\/wp\/v2\/types\/post"}],"author":[{"embeddable":true,"href":"https:\/\/www.vinzenzmeier.ch\/fr\/wp-json\/wp\/v2\/users\/8"}],"replies":[{"embeddable":true,"href":"https:\/\/www.vinzenzmeier.ch\/fr\/wp-json\/wp\/v2\/comments?post=80463"}],"version-history":[{"count":9,"href":"https:\/\/www.vinzenzmeier.ch\/fr\/wp-json\/wp\/v2\/posts\/80463\/revisions"}],"predecessor-version":[{"id":80641,"href":"https:\/\/www.vinzenzmeier.ch\/fr\/wp-json\/wp\/v2\/posts\/80463\/revisions\/80641"}],"wp:featuredmedia":[{"embeddable":true,"href":"https:\/\/www.vinzenzmeier.ch\/fr\/wp-json\/wp\/v2\/media\/80456"}],"wp:attachment":[{"href":"https:\/\/www.vinzenzmeier.ch\/fr\/wp-json\/wp\/v2\/media?parent=80463"}],"wp:term":[{"taxonomy":"category","embeddable":true,"href":"https:\/\/www.vinzenzmeier.ch\/fr\/wp-json\/wp\/v2\/categories?post=80463"},{"taxonomy":"post_tag","embeddable":true,"href":"https:\/\/www.vinzenzmeier.ch\/fr\/wp-json\/wp\/v2\/tags?post=80463"}],"curies":[{"name":"wp","href":"https:\/\/api.w.org\/{rel}","templated":true}]}}